{"id":45,"date":"2022-11-11T13:42:13","date_gmt":"2022-11-11T13:42:13","guid":{"rendered":"https:\/\/escuelanormaldeangol.cl\/?p=45"},"modified":"2022-11-11T14:02:40","modified_gmt":"2022-11-11T14:02:40","slug":"discurso-con-motivo-del-111o-aniversario-de-la-escuela-normal-de-angol","status":"publish","type":"post","link":"https:\/\/escuelanormaldeangol.cl\/index.php\/discursos\/45\/discurso-con-motivo-del-111o-aniversario-de-la-escuela-normal-de-angol\/","title":{"rendered":"Discurso con motivo del 111\u00ba aniversario de la Escuela Normal de Angol"},"content":{"rendered":"\t\t<div data-elementor-type=\"wp-post\" data-elementor-id=\"45\" class=\"elementor elementor-45\">\n\t\t\t\t\t\t<section class=\"elementor-section elementor-top-section elementor-element elementor-element-f680f49 elementor-section-boxed elementor-section-height-default elementor-section-height-default\" data-id=\"f680f49\" data-element_type=\"section\" data-e-type=\"section\">\n\t\t\t\t\t\t<div class=\"elementor-container elementor-column-gap-default\">\n\t\t\t\t\t<div class=\"elementor-column elementor-col-100 elementor-top-column elementor-element elementor-element-e95ca52\" data-id=\"e95ca52\" data-element_type=\"column\" data-e-type=\"column\">\n\t\t\t<div class=\"elementor-widget-wrap elementor-element-populated\">\n\t\t\t\t\t\t<div class=\"elementor-element elementor-element-4285675 elementor-widget elementor-widget-text-editor\" data-id=\"4285675\" data-element_type=\"widget\" data-e-type=\"widget\" data-widget_type=\"text-editor.default\">\n\t\t\t\t<div class=\"elementor-widget-container\">\n\t\t\t\t\t\t\t\t\t<p style=\"text-align: justify; line-height: 150%;\"><span lang=\"ES\" style=\"font-size: 12.0pt; line-height: 150%;\">El&nbsp; tipo de maestra que&nbsp; fuera formada en la Escuela Normal, deb\u00eda ser especial infundi\u00e9ndoseles&nbsp; cierto af\u00e1n de \u201csuperaci\u00f3n\u201d, como se le llam\u00f3 en su \u00e9poca a la condici\u00f3n del inter\u00e9s por la cultura general, capaz de llevar a la realidad sus ideales.&nbsp; Seg\u00fan &nbsp;el Director General&nbsp; de Educaci\u00f3n Primaria del a\u00f1o 1940 en el pa\u00eds, don Oscar Bustos A. el profesor normalista deb\u00eda responder a ciertas condiciones y rasgos profesionales deseables:<\/span><\/p>\n<p style=\"text-align: justify; line-height: 150%;\"><span lang=\"ES\" style=\"font-size: 12.0pt; line-height: 150%;\">&nbsp;<b>\u201cF\u00e9 en la perfectibilidad humana; ansias de perfeccionamiento; cumplidor de sus deberes; justo en sus apreciaciones; altivo en la defensa de la justicia y la verdad; libre de prejuicios y preocupaciones; aliento y gu\u00eda de cuanto signifique progreso en la peque\u00f1a escuela donde le toque trabajar\u201d.<\/b><\/span><\/p>\n<p style=\"text-align: justify; line-height: 150%;\"><span lang=\"ES\" style=\"font-size: 12.0pt; line-height: 150%;\">Hoy, 80 a\u00f1os despu\u00e9s de formulados estos preceptos, con todos los avances de la &nbsp;\u00e9poca actual, nos parece un perfil humano&nbsp; tan deseable como entonces en una sociedad que necesita profundizar en cohesi\u00f3n y realizaci\u00f3n en valores.<\/span><\/p>\n<p style=\"text-align: justify; line-height: 150%;\"><span lang=\"ES\" style=\"font-size: 12.0pt; line-height: 150%;\">Sorprende tambi\u00e9n a los nuevos pedagogos encontrar similitudes con &nbsp;&nbsp;principios b\u00e1sicos en el ejercicio de la docencia implementados en la labor formadora en nuestras Normales para ser llevados a la pr\u00e1ctica, siendo algunos de ellos los siguientes: <\/span><\/p>\n<p style=\"text-align: justify; line-height: 150%;\"><b><span lang=\"ES\" style=\"font-size: 12.0pt; line-height: 150%;\">\u201cLa vida en comunidad, que forma el car\u00e1cter, tiende al altruismo, hace la vida m\u00e1s amable; La ense\u00f1anza socializada, que da el m\u00e1ximo de rendimiento en el trabajo realizado en grupos; la ense\u00f1anza en forma activa, en que las salas de clases deben convertirse en aulas de trabajo con el maestro como gu\u00eda que conduce a los educandos al desarrollo m\u00e1ximo de sus potencialidades, favoreciendo&nbsp; el esp\u00edritu&nbsp; creativo; la educaci\u00f3n aut\u00f3noma, entendi\u00e9ndose como la capacidad para seguir perfeccion\u00e1ndose ampliando la educaci\u00f3n sistem\u00e1tica.\u201d<\/span><\/b><\/p>\n<p style=\"text-align: justify; line-height: 150%;\"><span lang=\"ES\" style=\"font-size: 12.0pt; line-height: 150%;\">En la formaci\u00f3n acad\u00e9mica de los futuros maestros se inclu\u00eda tambi\u00e9n asignaturas de car\u00e1cter econ\u00f3mico, aprendiendo desde hacer un presupuesto familiar hasta t\u00e9cnicas agr\u00edcolas, industriales, manuales y dom\u00e9sticas que permitieran la las futuras profesoras&nbsp; desempe\u00f1arse en los sectores rurales impulsando el desarrollo de las familias campesinas.<\/span><\/p>\n<p style=\"text-align: justify; line-height: 150%;\"><span lang=\"ES\" style=\"font-size: 12.0pt; line-height: 150%;\">Este esbozo brev\u00edsimo explica como a trav\u00e9s de la pr\u00e1ctica de estrategias derivadas de los elementales principios enunciados, Chile lleg\u00f3 a estar a la cabeza en la educaci\u00f3n de toda Am\u00e9rica Latina, donde se lleg\u00f3 a replicar el modelo nuestro fundando Escuelas Normales vigentes hasta hoy en pa\u00edses como Mexico, Colombia y otros, aplicando este modelo en las aulas bajo la gu\u00eda de destacados normalistas chilenos.<\/span><\/p>\n<p style=\"text-align: justify; line-height: 150%;\"><span lang=\"ES\" style=\"font-size: 12.0pt; line-height: 150%;\">La ex alumnas egresadas de la Escuela Normal de Angol que represento en esta ocasi\u00f3n en que celebramos un nuevo aniversario de su creaci\u00f3n, organizadas como Agrupaci\u00f3n Normalistas de Angol, nos sentimos privilegiadas por haber recibido en las aulas aleda\u00f1as al Rehue la formaci\u00f3n que nos permiti\u00f3 ejercer honorablemente la docencia tanto en la humilde escuelita rural como en los iluminados salones de la Educaci\u00f3n Superior y en distintos foros y \u00e1mbitos tanto nacionales como extranjeros. Nos formaron para tener el temple necesario que permitiera la superaci\u00f3n personal&nbsp; y el&nbsp; esp\u00edritu de servicio necesario para hacer realidad en la comunidad los ideales compartidos para su crecimiento, y eso es lo que hicimos.<\/span><\/p>\n<p style=\"text-align: justify; line-height: 150%;\"><span lang=\"ES\" style=\"font-size: 12.0pt; line-height: 150%;\">Actualmente, ya retirada la gran mayor\u00eda, seguimos en esa senda a trav\u00e9s de distintas organizaciones sociales. Como Agrupaci\u00f3n, la vida institucional se remonta a muchos a\u00f1os atr\u00e1s, pero desde el a\u00f1o 2007 somos una organizaci\u00f3n con personalidad jur\u00eddica,&nbsp; activa y presente en la comunidad a trav\u00e9s de diversas actividades y eventos.<\/span><\/p>\n<p style=\"text-align: justify; line-height: 150%;\"><span lang=\"ES\" style=\"font-size: 12.0pt; line-height: 150%;\">Entre las primeras y para compartir en sana amistad realizamos reuniones, convivencias, paseos. Celebramos las navidades, las fiestas patrias, los cumplea\u00f1os como una familia m\u00e1s; tambi\u00e9n el Dia del Profesor, sin olvidar el&nbsp; aniversario de la Escuela;&nbsp; nos gusta re\u00edr con los viejos chistes repetidos y cantar en coro las canciones normalistas; No olvidamos cada a\u00f1o ir en romer\u00eda al camposanto y depositar frente a nuestros profesores de la Normal&nbsp; y las compa\u00f1eras dormidas una muestra del respeto y afecto que sentimos por ellos; visitamos los hogares de ancianos llevando algo de alegr\u00eda y dulzura a quienes la necesitan; acudimos a nuestros encuentros nacionales de &nbsp;normalistas de Chile y tambi\u00e9n al Encuentro de Normalistas de Angol cada a\u00f1o porque juntarnos y compartir es como verse reflejado en los dem\u00e1s como hermanas y hermanos, formados bajo el mismo alero.<\/span><\/p>\n<p style=\"text-align: justify; line-height: 150%;\"><span lang=\"ES\" style=\"font-size: 12.0pt; line-height: 150%;\">Hemos acometido tareas dif\u00edciles, con escasos recursos y puro coraz\u00f3n, como la celebraci\u00f3n del Centenario de la Escuela y la nominaci\u00f3n del parque construido en nuestra Quinta con el nombre de nuestra Escuela;&nbsp; hicimos un importante aporte de material hist\u00f3rico al museo Julio Abasolo, hemos realizado concursos literarios nacionales, publicado una obra con recopilaci\u00f3n de fotos de la Escuela y una antolog\u00eda de escritores normalistas con fondos regionales, hemos visitado bibliotecas, escuelas, liceos, universidades llevando la historia de la educaci\u00f3n en manos normalistas, cansadas, arrastrando libros y pendones pero contentas de ser una y tener la atenci\u00f3n y el respeto en todas partes y eso nos hace felices. Nos ense\u00f1aron a dar, como parte de una vocaci\u00f3n de servicio. Y hemos recibido.<\/span><\/p>\n<p style=\"text-align: justify; line-height: 150%;\"><span lang=\"ES\" style=\"font-size: 12.0pt; line-height: 150%;\">Ejercimos un apostolado en tiempos en que se trabajaba mucho y se ganaba poco; sabemos lo que es la pobreza y el desaliento porque lo vivimos junto a nuestros ni\u00f1os descalzos compartiendo la tortilla de rescoldo y el harina tostada, pero \u00bfsaben? hoy cuando vamos por las calles y alguien nos detiene y nos abraza mir\u00e1ndose en nuestros ojos de nuevo nos sentimos recompensados largamente por esa mirada y esa emoci\u00f3n y entonces todo lo pasado vali\u00f3 la pena!<\/span><\/p>\n<p style=\"text-align: justify; line-height: 150%;\"><span lang=\"ES\" style=\"font-size: 12.0pt; line-height: 150%;\">Muchas gracias a todos ustedes por estar aqu\u00ed hoy y por celebrar junto a nosotras, la Agrupaci\u00f3n Normalistas de Angol, un aniversario m\u00e1s de nuestra inolvidable Escuela Normal Rural, 111 a\u00f1os de entrega y dedicaci\u00f3n por la Educaci\u00f3n de todos, con m\u00e1s recursos y m\u00e1s oportunidades. \u00a1Gracias!<\/span><\/p>\n<p style=\"line-height: 150%;\"><span lang=\"ES\" style=\"font-size: 12.0pt; line-height: 150%;\">Misaela A.A. Figueroa Melo.<\/span><\/p>\n<p style=\"line-height: 150%;\"><span style=\"font-size: 12pt; text-align: right; color: var( --e-global-color-text ); font-family: var( --e-global-typography-text-font-family ), Sans-serif; font-weight: var( --e-global-typography-text-font-weight ); background-color: var(--page-background-color);\">Presidente Agrupaci\u00f3n Normalistas de Angol.<\/span><\/p>\n<p><\/p>\n<p style=\"line-height: 150%;\"><span lang=\"ES\" style=\"font-size: 12.0pt; line-height: 150%;\">2009<\/span><\/p>\t\t\t\t\t\t\t\t<\/div>\n\t\t\t\t<\/div>\n\t\t\t\t\t<\/div>\n\t\t<\/div>\n\t\t\t\t\t<\/div>\n\t\t<\/section>\n\t\t\t\t<\/div>\n\t\t","protected":false},"excerpt":{"rendered":"<p>El\u00a0 tipo de maestra que\u00a0 fuera formada en la Escuela Normal, deb\u00eda ser especial infundi\u00e9ndoseles\u00a0 cierto af\u00e1n de \u201csuperaci\u00f3n\u201d, como[&#8230;]<\/p>\n","protected":false},"author":1,"featured_media":65,"comment_status":"open","ping_status":"open","sticky":false,"template":"","format":"standard","meta":{"footnotes":""},"categories":[3],"tags":[],"class_list":["post-45","post","type-post","status-publish","format-standard","has-post-thumbnail","hentry","category-discursos"],"_links":{"self":[{"href":"https:\/\/escuelanormaldeangol.cl\/index.php\/wp-json\/wp\/v2\/posts\/45","targetHints":{"allow":["GET"]}}],"collection":[{"href":"https:\/\/escuelanormaldeangol.cl\/index.php\/wp-json\/wp\/v2\/posts"}],"about":[{"href":"https:\/\/escuelanormaldeangol.cl\/index.php\/wp-json\/wp\/v2\/types\/post"}],"author":[{"embeddable":true,"href":"https:\/\/escuelanormaldeangol.cl\/index.php\/wp-json\/wp\/v2\/users\/1"}],"replies":[{"embeddable":true,"href":"https:\/\/escuelanormaldeangol.cl\/index.php\/wp-json\/wp\/v2\/comments?post=45"}],"version-history":[{"count":4,"href":"https:\/\/escuelanormaldeangol.cl\/index.php\/wp-json\/wp\/v2\/posts\/45\/revisions"}],"predecessor-version":[{"id":49,"href":"https:\/\/escuelanormaldeangol.cl\/index.php\/wp-json\/wp\/v2\/posts\/45\/revisions\/49"}],"wp:featuredmedia":[{"embeddable":true,"href":"https:\/\/escuelanormaldeangol.cl\/index.php\/wp-json\/wp\/v2\/media\/65"}],"wp:attachment":[{"href":"https:\/\/escuelanormaldeangol.cl\/index.php\/wp-json\/wp\/v2\/media?parent=45"}],"wp:term":[{"taxonomy":"category","embeddable":true,"href":"https:\/\/escuelanormaldeangol.cl\/index.php\/wp-json\/wp\/v2\/categories?post=45"},{"taxonomy":"post_tag","embeddable":true,"href":"https:\/\/escuelanormaldeangol.cl\/index.php\/wp-json\/wp\/v2\/tags?post=45"}],"curies":[{"name":"wp","href":"https:\/\/api.w.org\/{rel}","templated":true}]}}